{"id":640,"date":"2016-09-23T20:35:13","date_gmt":"2016-09-23T18:35:13","guid":{"rendered":"http:\/\/pferdefreunde-weiten-gesaess.de\/?p=640"},"modified":"2016-09-23T20:35:13","modified_gmt":"2016-09-23T18:35:13","slug":"sommernachtsfest-2016","status":"publish","type":"post","link":"https:\/\/pferdefreunde-weiten-gesaess.de\/index.php\/2016\/09\/23\/sommernachtsfest-2016\/","title":{"rendered":"Sommernachtsfest 2016"},"content":{"rendered":"<p>Am 03.-04.2016 lud der RJFV Weiten-Ges\u00e4\u00df e.V. in Kooperation mit dem Pferdehof M\u00fcller zu seinem traditionellen Sommernachtsfest<br \/>\nein. Bei sch\u00f6nem Sp\u00e4tsommerwetter konnten wir bereits am Samstagabend viele G\u00e4ste begr\u00fc\u00dfen, die teilweise bis in die fr\u00fchen<br \/>\nMorgenstunden blieben. Die Reithalle pr\u00e4sentierte sich in neuem Ambiente mit umgestaltetem K\u00fcchenbereich, Bierbrunnen und<br \/>\naufwendiger Dekoration in freundlichen Herbstfarben. F\u00fcr die musikalische Unterhaltung sorgt DJ Harri.<\/p>\n<p>Kulinarisches Highlight des Sonntags war der Spie\u00dfbraten mit Rotkraut und Kn\u00f6deln. Ein Angebot, das gerne angenommen wurde.<\/p>\n<p>Das Showprogramm am Sonntag war in diesem Jahr besonders aufwendig und abwechslungsreich gestaltet. Leider spielte das Wetter<br \/>\nnur bedingt mit und viele heftige Regenschauer mu\u00dften in Kauf genommen werden. Die Moderation lag in den bew\u00e4hrten H\u00e4nden<br \/>\nvon Ralf Helmst\u00e4dter.<\/p>\n<p>Unsere beiden j\u00fcngsten Vereinsmitglieder Lara und Sophie, begleitet von Anita Puschmann, er\u00f6ffneten mit ihrem Pas de deux<br \/>\nzur Musik &#8222;Stardust&#8220; das Programm. Birgits Reitsch\u00fcler entf\u00fchrten die Zuschauer in den Wilden Westen und zeigten Ausz\u00fcge aus<br \/>\ndem regelm\u00e4\u00dfigen Training.<\/p>\n<p>Unverzichtbarer Teil des Programms war auch in diesem Jahr wieder die Nibelungenquadrille. Mit dem live gesungenen Beitrag von<br \/>\nAnja Lade wurde die Darbietung auf besondere Weise musikalisch umrahmt.<\/p>\n<p>Der Charme der klassischen Dressur wurde uns von Laura und Birgit vorgestellt, gefolgt vom F+F-Team (Farah + Flicka), das<br \/>\nund einen Einblick in die Welt der Zirzensik, Agility und Co. gew\u00e4hrte.<br \/>\nDie &#8222;Geisterreiter&#8220; Anabel und Anika zeigten uns in einem Pas de deux den Weg nach &#8222;Ghosttown&#8220;zur Musik von Adam Lambert.<\/p>\n<p>Das Jump and Drive zum Abschlu\u00df bot viel Spa\u00dfe, Tempo und Spannung. Mit Unterst\u00fctzung der Fahrer der Nibelungenquadrille<br \/>\nkonnten sechs Teams an den Start gehen. Besonders gefreut hat uns der Sieg des Teams von gastgebenden Verein mit Ina und<br \/>\nPhilip. Spa\u00df und Spannung waren so hoch, da\u00df viele unserer G\u00e4ste trotz des Regens bis zum Schlu\u00df geblieben sind.<\/p>\n<p>Wir bedanken uns bei den vielen freiwilligen Helfern und Akteuren aus dem Verein, dem Freundes- und Familienkreis sowie<br \/>\ndem Team vom Pferdehof M\u00fcller, ohne die eine solche Veranstaltung nicht m\u00f6glich w\u00e4re und freuen uns aufs n\u00e4chste Jahr.<\/p>\n","protected":false},"excerpt":{"rendered":"<p>Am 03.-04.2016 lud der RJFV Weiten-Ges\u00e4\u00df e.V. in Kooperation mit dem Pferdehof M\u00fcller zu seinem traditionellen Sommernachtsfest ein. Bei sch\u00f6nem Sp\u00e4tsommerwetter konnten wir bereits am Samstagabend viele G\u00e4ste begr\u00fc\u00dfen, die teilweise bis in die fr\u00fchen Morgenstunden blieben. Die Reithalle pr\u00e4sentierte sich in neuem Ambiente mit umgestaltetem K\u00fcchenbereich, Bierbrunnen und aufwendiger Dekoration in freundlichen Herbstfarben. F\u00fcr [&hellip;]<\/p>\n","protected":false},"author":2,"featured_media":0,"comment_status":"closed","ping_status":"closed","sticky":false,"template":"","format":"standard","meta":[],"categories":[1],"tags":[],"_links":{"self":[{"href":"https:\/\/pferdefreunde-weiten-gesaess.de\/index.php\/wp-json\/wp\/v2\/posts\/640"}],"collection":[{"href":"https:\/\/pferdefreunde-weiten-gesaess.de\/index.php\/wp-json\/wp\/v2\/posts"}],"about":[{"href":"https:\/\/pferdefreunde-weiten-gesaess.de\/index.php\/wp-json\/wp\/v2\/types\/post"}],"author":[{"embeddable":true,"href":"https:\/\/pferdefreunde-weiten-gesaess.de\/index.php\/wp-json\/wp\/v2\/users\/2"}],"replies":[{"embeddable":true,"href":"https:\/\/pferdefreunde-weiten-gesaess.de\/index.php\/wp-json\/wp\/v2\/comments?post=640"}],"version-history":[{"count":3,"href":"https:\/\/pferdefreunde-weiten-gesaess.de\/index.php\/wp-json\/wp\/v2\/posts\/640\/revisions"}],"predecessor-version":[{"id":644,"href":"https:\/\/pferdefreunde-weiten-gesaess.de\/index.php\/wp-json\/wp\/v2\/posts\/640\/revisions\/644"}],"wp:attachment":[{"href":"https:\/\/pferdefreunde-weiten-gesaess.de\/index.php\/wp-json\/wp\/v2\/media?parent=640"}],"wp:term":[{"taxonomy":"category","embeddable":true,"href":"https:\/\/pferdefreunde-weiten-gesaess.de\/index.php\/wp-json\/wp\/v2\/categories?post=640"},{"taxonomy":"post_tag","embeddable":true,"href":"https:\/\/pferdefreunde-weiten-gesaess.de\/index.php\/wp-json\/wp\/v2\/tags?post=640"}],"curies":[{"name":"wp","href":"https:\/\/api.w.org\/{rel}","templated":true}]}}