{"id":99,"date":"2016-01-08T13:50:26","date_gmt":"2016-01-08T12:50:26","guid":{"rendered":"http:\/\/pferdefreunde-weiten-gesaess.de\/?p=99"},"modified":"2016-04-07T23:23:54","modified_gmt":"2016-04-07T21:23:54","slug":"reitabzeichen-2015","status":"publish","type":"post","link":"https:\/\/pferdefreunde-weiten-gesaess.de\/index.php\/2016\/01\/08\/reitabzeichen-2015\/","title":{"rendered":"Reitabzeichen 2015"},"content":{"rendered":"<p>In der Woche nach Ostern fand vom 06.-10. April 2015 auf dem Pferdehof M\u00fcller wieder ein<br \/>\nReitabzeichenlehrgang statt. 10 junge Reiter und Reiterinnen stellten sich der Herausforderung und haben in dieser Woche flei\u00dfig trainiert, um am Freitag ihre Pr\u00fcfungen erfolgreich zu absolvieren. Die Leitung des Kurses lag in den bew\u00e4hrten H\u00e4nden von Birgit M\u00fcller.<br \/>\nVom Reit-, Jagd und Fahrverein Weiten-Ges\u00e4\u00df e.V.erwarben Lara Puschmann das Reitabzeichen R9, Sandeeb Mittag und Anabel Puschmann das Abzeichen R8, Leon M\u00fcller den Basispass Pferdekunde und Anika Brunner das Abzeichen RA5. Weiterhin gratulieren wir Sophie Schneider und Sofia Ihrig zum Erwerb des Reitabzeichens R9, Larissa Uhrig zum Abzeichen R8 sowie Franziska Hielscher und Lisa Wildemann zum Basispass und dem Abzeichen RA5.<br \/>\nGro\u00dfes Lob und Dank geb\u00fchrt auch den vielen freiwilligen Helfern, die die jungen Reiter und<br \/>\nReiterinnen und ihre Ausbilderin hierbei ma\u00dfgeblich unterst\u00fctzt haben. Der erfolgreiche Tag<br \/>\nwurde mit einer spontanen Grillfeier abgerundet.<\/p>\n","protected":false},"excerpt":{"rendered":"<p>In der Woche nach Ostern fand vom 06.-10. April 2015 auf dem Pferdehof M\u00fcller wieder ein Reitabzeichenlehrgang statt. 10 junge Reiter und Reiterinnen stellten sich der Herausforderung und haben in dieser Woche flei\u00dfig trainiert, um am Freitag ihre Pr\u00fcfungen erfolgreich zu absolvieren. Die Leitung des Kurses lag in den bew\u00e4hrten H\u00e4nden von Birgit M\u00fcller. Vom [&hellip;]<\/p>\n","protected":false},"author":2,"featured_media":0,"comment_status":"closed","ping_status":"closed","sticky":false,"template":"","format":"standard","meta":[],"categories":[1],"tags":[],"_links":{"self":[{"href":"https:\/\/pferdefreunde-weiten-gesaess.de\/index.php\/wp-json\/wp\/v2\/posts\/99"}],"collection":[{"href":"https:\/\/pferdefreunde-weiten-gesaess.de\/index.php\/wp-json\/wp\/v2\/posts"}],"about":[{"href":"https:\/\/pferdefreunde-weiten-gesaess.de\/index.php\/wp-json\/wp\/v2\/types\/post"}],"author":[{"embeddable":true,"href":"https:\/\/pferdefreunde-weiten-gesaess.de\/index.php\/wp-json\/wp\/v2\/users\/2"}],"replies":[{"embeddable":true,"href":"https:\/\/pferdefreunde-weiten-gesaess.de\/index.php\/wp-json\/wp\/v2\/comments?post=99"}],"version-history":[{"count":3,"href":"https:\/\/pferdefreunde-weiten-gesaess.de\/index.php\/wp-json\/wp\/v2\/posts\/99\/revisions"}],"predecessor-version":[{"id":550,"href":"https:\/\/pferdefreunde-weiten-gesaess.de\/index.php\/wp-json\/wp\/v2\/posts\/99\/revisions\/550"}],"wp:attachment":[{"href":"https:\/\/pferdefreunde-weiten-gesaess.de\/index.php\/wp-json\/wp\/v2\/media?parent=99"}],"wp:term":[{"taxonomy":"category","embeddable":true,"href":"https:\/\/pferdefreunde-weiten-gesaess.de\/index.php\/wp-json\/wp\/v2\/categories?post=99"},{"taxonomy":"post_tag","embeddable":true,"href":"https:\/\/pferdefreunde-weiten-gesaess.de\/index.php\/wp-json\/wp\/v2\/tags?post=99"}],"curies":[{"name":"wp","href":"https:\/\/api.w.org\/{rel}","templated":true}]}}